{"id":3715,"date":"2019-09-30T09:19:43","date_gmt":"2019-09-30T07:19:43","guid":{"rendered":"https:\/\/www.kuechenstud.io\/lagebilder\/?p=3715"},"modified":"2022-10-18T09:53:45","modified_gmt":"2022-10-18T07:53:45","slug":"am-rande-suvs-aus-amerikanischer-perspektive","status":"publish","type":"post","link":"https:\/\/www.kuechenstud.io\/lagebilder\/2019\/09\/30\/am-rande-suvs-aus-amerikanischer-perspektive\/","title":{"rendered":"Am Rande: SUVs aus amerikanischer Perspektive"},"content":{"rendered":"<p>Krass.<br \/>\nDanke!<br \/>\nPhilip Banse<br \/>\nLage der Nation GbR Hessische Str. 10 10115 Berlin<br \/>\n<a href=\"https:\/\/lagedernation.org\">lagedernation.org<\/a> @lagenation @philipbanse<br \/>\nPGP: 829E8717<br \/>\n&gt; Am 29.09.2019 um 05:37 schrieb Julian-G. Mehler:\u00a0&#8230; nachdem ich die sehr gelungene Lage zu SUVs geh\u00f6rt hatte, musste ich hier in Idaho vor dem Supermarkt kurz dieses Foto f\u00fcr euch mit unserem Sohn vor einem SUV machen. Diese Panzer w\u00fcrden vermutlich nicht einmal merken, wenn sie ein Kind \u00fcberfahren haben. &gt; &gt; Danke f\u00fcr die klare Haltung beim Thema &#8211; trotz Gegenwind! &gt; &gt; Sch\u00f6ne Gr\u00fc\u00dfe &gt; Julian &gt; &gt; &gt; &gt; Sent from my iPad<\/p>\n","protected":false},"excerpt":{"rendered":"<p>Krass. Danke! Philip Banse Lage der Nation GbR Hessische Str. 10 10115 Berlin lagedernation.org @lagenation @philipbanse PGP: 829E8717 &gt; Am 29.09.2019 um 05:37 schrieb Julian-G. Mehler:\u00a0&#8230; nachdem ich die sehr gelungene Lage zu SUVs geh\u00f6rt hatte, musste ich hier in Idaho vor dem Supermarkt kurz dieses Foto f\u00fcr euch mit unserem Sohn vor einem SUV [&hellip;]<\/p>\n","protected":false},"author":1,"featured_media":0,"comment_status":"closed","ping_status":"open","sticky":false,"template":"","format":"image","meta":{"_acf_changed":false,"footnotes":""},"categories":[1],"tags":[],"class_list":["post-3715","post","type-post","status-publish","format-image","hentry","category-allgemein","post_format-image"],"acf":[],"jetpack_featured_media_url":"","_links":{"self":[{"href":"https:\/\/www.kuechenstud.io\/lagebilder\/wp-json\/wp\/v2\/posts\/3715","targetHints":{"allow":["GET"]}}],"collection":[{"href":"https:\/\/www.kuechenstud.io\/lagebilder\/wp-json\/wp\/v2\/posts"}],"about":[{"href":"https:\/\/www.kuechenstud.io\/lagebilder\/wp-json\/wp\/v2\/types\/post"}],"author":[{"embeddable":true,"href":"https:\/\/www.kuechenstud.io\/lagebilder\/wp-json\/wp\/v2\/users\/1"}],"replies":[{"embeddable":true,"href":"https:\/\/www.kuechenstud.io\/lagebilder\/wp-json\/wp\/v2\/comments?post=3715"}],"version-history":[{"count":1,"href":"https:\/\/www.kuechenstud.io\/lagebilder\/wp-json\/wp\/v2\/posts\/3715\/revisions"}],"predecessor-version":[{"id":3722,"href":"https:\/\/www.kuechenstud.io\/lagebilder\/wp-json\/wp\/v2\/posts\/3715\/revisions\/3722"}],"wp:attachment":[{"href":"https:\/\/www.kuechenstud.io\/lagebilder\/wp-json\/wp\/v2\/media?parent=3715"}],"wp:term":[{"taxonomy":"category","embeddable":true,"href":"https:\/\/www.kuechenstud.io\/lagebilder\/wp-json\/wp\/v2\/categories?post=3715"},{"taxonomy":"post_tag","embeddable":true,"href":"https:\/\/www.kuechenstud.io\/lagebilder\/wp-json\/wp\/v2\/tags?post=3715"}],"curies":[{"name":"wp","href":"https:\/\/api.w.org\/{rel}","templated":true}]}}