{"id":2146,"date":"2017-06-18T21:12:28","date_gmt":"2017-06-18T19:12:28","guid":{"rendered":"https:\/\/www.kuechenstud.io\/lagebilder\/?p=2146"},"modified":"2017-06-18T21:12:55","modified_gmt":"2017-06-18T19:12:55","slug":"garten-ballincollig-county-cork-irland","status":"publish","type":"post","link":"https:\/\/www.kuechenstud.io\/lagebilder\/2017\/06\/18\/garten-ballincollig-county-cork-irland\/","title":{"rendered":"Garten, Ballincollig, County Cork, Irland"},"content":{"rendered":"<p>>  >  > Hallo Ihr zwei. >  > An bei ein Bild von dem was ich sehe wenn ich bei mir im  Garten stehe. >  > Ich hoffe das die Geo Daten erhalten bleiben. >  > Wenn nicht das Bild wurde im wundersch\u00f6nen Ballincollig im County Cork aufgenommen. >  > Ihr begleitet mich nun schon seit dem ich in Irland wohne und arbeite. >  > Vielen Dank f\u00fcr eure tolle Arbeit. >  > Beste Gr\u00fc\u00dfe von der Gr\u00fcnen Insel  >  > Benedikt  <a href=\"https:\/\/www.kuechenstud.io\/lagebilder\/?attachment_id=2147\"><img decoding=\"async\" src=\"https:\/\/www.kuechenstud.io\/lagebilder\/files\/2017\/06\/20170617_232756-2000x1125.jpg\" alt=\"{CAPTION}\" width=\"2000px\" height=\"1125px\" class=\"alignnone size-medium wp-image-2147\" srcset=\"https:\/\/www.kuechenstud.io\/lagebilder\/files\/2017\/06\/20170617_232756-2000x1125.jpg 2000w, https:\/\/www.kuechenstud.io\/lagebilder\/files\/2017\/06\/20170617_232756-700x394.jpg 700w, https:\/\/www.kuechenstud.io\/lagebilder\/files\/2017\/06\/20170617_232756-768x432.jpg 768w, https:\/\/www.kuechenstud.io\/lagebilder\/files\/2017\/06\/20170617_232756-1536x864.jpg 1536w, https:\/\/www.kuechenstud.io\/lagebilder\/files\/2017\/06\/20170617_232756-2048x1152.jpg 2048w, https:\/\/www.kuechenstud.io\/lagebilder\/files\/2017\/06\/20170617_232756-171x96.jpg 171w, https:\/\/www.kuechenstud.io\/lagebilder\/files\/2017\/06\/20170617_232756-150x84.jpg 150w\" sizes=\"(max-width: 2000px) 100vw, 2000px\" \/><\/a><\/p>\n","protected":false},"excerpt":{"rendered":"<p>> > > Hallo Ihr zwei. > > An bei ein Bild von dem was ich sehe wenn ich bei mir im Garten stehe. > > Ich hoffe das die Geo Daten erhalten bleiben. > > Wenn nicht das Bild wurde im wundersch\u00f6nen Ballincollig im County Cork aufgenommen. > > Ihr begleitet mich nun schon [&hellip;]<\/p>\n","protected":false},"author":1,"featured_media":2147,"comment_status":"open","ping_status":"open","sticky":false,"template":"","format":"image","meta":{"_acf_changed":false,"footnotes":""},"categories":[1],"tags":[],"class_list":["post-2146","post","type-post","status-publish","format-image","has-post-thumbnail","hentry","category-allgemein","post_format-post-format-image"],"acf":[],"jetpack_featured_media_url":"https:\/\/www.kuechenstud.io\/lagebilder\/files\/2017\/06\/20170617_232756-scaled.jpg","_links":{"self":[{"href":"https:\/\/www.kuechenstud.io\/lagebilder\/wp-json\/wp\/v2\/posts\/2146","targetHints":{"allow":["GET"]}}],"collection":[{"href":"https:\/\/www.kuechenstud.io\/lagebilder\/wp-json\/wp\/v2\/posts"}],"about":[{"href":"https:\/\/www.kuechenstud.io\/lagebilder\/wp-json\/wp\/v2\/types\/post"}],"author":[{"embeddable":true,"href":"https:\/\/www.kuechenstud.io\/lagebilder\/wp-json\/wp\/v2\/users\/1"}],"replies":[{"embeddable":true,"href":"https:\/\/www.kuechenstud.io\/lagebilder\/wp-json\/wp\/v2\/comments?post=2146"}],"version-history":[{"count":0,"href":"https:\/\/www.kuechenstud.io\/lagebilder\/wp-json\/wp\/v2\/posts\/2146\/revisions"}],"wp:featuredmedia":[{"embeddable":true,"href":"https:\/\/www.kuechenstud.io\/lagebilder\/wp-json\/wp\/v2\/media\/2147"}],"wp:attachment":[{"href":"https:\/\/www.kuechenstud.io\/lagebilder\/wp-json\/wp\/v2\/media?parent=2146"}],"wp:term":[{"taxonomy":"category","embeddable":true,"href":"https:\/\/www.kuechenstud.io\/lagebilder\/wp-json\/wp\/v2\/categories?post=2146"},{"taxonomy":"post_tag","embeddable":true,"href":"https:\/\/www.kuechenstud.io\/lagebilder\/wp-json\/wp\/v2\/tags?post=2146"}],"curies":[{"name":"wp","href":"https:\/\/api.w.org\/{rel}","templated":true}]}}