{"id":1986,"date":"2017-05-29T12:19:38","date_gmt":"2017-05-29T10:19:38","guid":{"rendered":"https:\/\/www.kuechenstud.io\/lagebilder\/?p=1986"},"modified":"2017-05-29T12:23:36","modified_gmt":"2017-05-29T10:23:36","slug":"urwaldweg-saarbruecken","status":"publish","type":"post","link":"https:\/\/www.kuechenstud.io\/lagebilder\/2017\/05\/29\/urwaldweg-saarbruecken\/","title":{"rendered":"Urwaldweg, Saarbr\u00fccken"},"content":{"rendered":"<p>>  > Hallo Philip und Ulf, >  > Vielen Dank f\u00fcr euren genialen Podcast. Meist h\u00f6re ich ihn beim wandern, wie auch bei dem beigef\u00fcgten Bild (Urwaldweg Saarbr\u00fccken). >  > Gr\u00fc\u00dfe und weiterhin viel Erfolg, > Frank <a href=\"https:\/\/www.kuechenstud.io\/lagebilder\/?attachment_id=1987\"><img decoding=\"async\" src=\"https:\/\/www.kuechenstud.io\/lagebilder\/files\/2017\/05\/WP_20170524_08_25_34_Pro-2000x1127.jpg\" alt=\"{CAPTION}\" width=\"2000px\" height=\"1127px\" class=\"alignnone size-medium wp-image-1987\" srcset=\"https:\/\/www.kuechenstud.io\/lagebilder\/files\/2017\/05\/WP_20170524_08_25_34_Pro-2000x1127.jpg 2000w, https:\/\/www.kuechenstud.io\/lagebilder\/files\/2017\/05\/WP_20170524_08_25_34_Pro-700x395.jpg 700w, https:\/\/www.kuechenstud.io\/lagebilder\/files\/2017\/05\/WP_20170524_08_25_34_Pro-768x433.jpg 768w, https:\/\/www.kuechenstud.io\/lagebilder\/files\/2017\/05\/WP_20170524_08_25_34_Pro-1536x866.jpg 1536w, https:\/\/www.kuechenstud.io\/lagebilder\/files\/2017\/05\/WP_20170524_08_25_34_Pro-2048x1155.jpg 2048w, https:\/\/www.kuechenstud.io\/lagebilder\/files\/2017\/05\/WP_20170524_08_25_34_Pro-170x96.jpg 170w, https:\/\/www.kuechenstud.io\/lagebilder\/files\/2017\/05\/WP_20170524_08_25_34_Pro-150x85.jpg 150w\" sizes=\"(max-width: 2000px) 100vw, 2000px\" \/><\/a><\/p>\n","protected":false},"excerpt":{"rendered":"<p>> > Hallo Philip und Ulf, > > Vielen Dank f\u00fcr euren genialen Podcast. Meist h\u00f6re ich ihn beim wandern, wie auch bei dem beigef\u00fcgten Bild (Urwaldweg Saarbr\u00fccken). > > Gr\u00fc\u00dfe und weiterhin viel Erfolg, > Frank<\/p>\n","protected":false},"author":1,"featured_media":1987,"comment_status":"open","ping_status":"open","sticky":false,"template":"","format":"image","meta":{"_acf_changed":false,"footnotes":""},"categories":[1],"tags":[],"class_list":["post-1986","post","type-post","status-publish","format-image","has-post-thumbnail","hentry","category-allgemein","post_format-post-format-image"],"acf":[],"jetpack_featured_media_url":"https:\/\/www.kuechenstud.io\/lagebilder\/files\/2017\/05\/WP_20170524_08_25_34_Pro-scaled.jpg","_links":{"self":[{"href":"https:\/\/www.kuechenstud.io\/lagebilder\/wp-json\/wp\/v2\/posts\/1986","targetHints":{"allow":["GET"]}}],"collection":[{"href":"https:\/\/www.kuechenstud.io\/lagebilder\/wp-json\/wp\/v2\/posts"}],"about":[{"href":"https:\/\/www.kuechenstud.io\/lagebilder\/wp-json\/wp\/v2\/types\/post"}],"author":[{"embeddable":true,"href":"https:\/\/www.kuechenstud.io\/lagebilder\/wp-json\/wp\/v2\/users\/1"}],"replies":[{"embeddable":true,"href":"https:\/\/www.kuechenstud.io\/lagebilder\/wp-json\/wp\/v2\/comments?post=1986"}],"version-history":[{"count":0,"href":"https:\/\/www.kuechenstud.io\/lagebilder\/wp-json\/wp\/v2\/posts\/1986\/revisions"}],"wp:featuredmedia":[{"embeddable":true,"href":"https:\/\/www.kuechenstud.io\/lagebilder\/wp-json\/wp\/v2\/media\/1987"}],"wp:attachment":[{"href":"https:\/\/www.kuechenstud.io\/lagebilder\/wp-json\/wp\/v2\/media?parent=1986"}],"wp:term":[{"taxonomy":"category","embeddable":true,"href":"https:\/\/www.kuechenstud.io\/lagebilder\/wp-json\/wp\/v2\/categories?post=1986"},{"taxonomy":"post_tag","embeddable":true,"href":"https:\/\/www.kuechenstud.io\/lagebilder\/wp-json\/wp\/v2\/tags?post=1986"}],"curies":[{"name":"wp","href":"https:\/\/api.w.org\/{rel}","templated":true}]}}