{"id":1928,"date":"2017-05-11T19:48:26","date_gmt":"2017-05-11T17:48:26","guid":{"rendered":"https:\/\/www.kuechenstud.io\/lagebilder\/?p=1928"},"modified":"2017-05-11T19:55:07","modified_gmt":"2017-05-11T17:55:07","slug":"buegeln-stasi","status":"publish","type":"post","link":"https:\/\/www.kuechenstud.io\/lagebilder\/2017\/05\/11\/buegeln-stasi\/","title":{"rendered":"B\u00fcgeln &amp; Stasi"},"content":{"rendered":"<p>\n<a href=\"https:\/\/www.kuechenstud.io\/lagebilder\/?attachment_id=1929\"><img decoding=\"async\" src=\"https:\/\/www.kuechenstud.io\/lagebilder\/files\/2017\/05\/IMG_0209.jpg\" alt=\"\" width=\"1920px\" height=\"1080px\" class=\"alignnone size-medium wp-image-1929\" srcset=\"https:\/\/www.kuechenstud.io\/lagebilder\/files\/2017\/05\/IMG_0209.jpg 1920w, https:\/\/www.kuechenstud.io\/lagebilder\/files\/2017\/05\/IMG_0209-700x394.jpg 700w, https:\/\/www.kuechenstud.io\/lagebilder\/files\/2017\/05\/IMG_0209-768x432.jpg 768w, https:\/\/www.kuechenstud.io\/lagebilder\/files\/2017\/05\/IMG_0209-1536x864.jpg 1536w, https:\/\/www.kuechenstud.io\/lagebilder\/files\/2017\/05\/IMG_0209-171x96.jpg 171w, https:\/\/www.kuechenstud.io\/lagebilder\/files\/2017\/05\/IMG_0209-150x84.jpg 150w\" sizes=\"(max-width: 1920px) 100vw, 1920px\" \/><\/a><\/p>\n<p>>  > Hallo Herr Base, Hallo Herr Buermeyer, >  > im Anhang ein Bild. Ich hab den letzten Podcast in Berlin beim B\u00fcgeln geh\u00f6rt. >  > Und der Feature \u00fcber den Abh\u00f6rskandal in Leipzig hat mich zutiefst bewegt. > Mein Vater wurde in den 80er Jahren von der Stasi in Leipzig verfolgt. Er war Student und hat sich f\u00fcr Literatur interessiert, die ungl\u00fccklicherweise verboren war. Er hat den Druck ausgehalten, kein IM zu werden, aber einige seiner Freunde haben sich deswegen das Leben genommen. > Und nun kommen Geschichten zu Tage \u00fcber eine derma\u00dfen gro\u00dfe Grundrechtsverletzung. Ja, ich kenne die Akten nicht genau und bin auch keine Juristin. Aber das stinkt doch zum Himmel. Welche Menschen im s\u00e4chsichen Justizministrium setzen denn eine solche Stasi-Methoden ein? Mindestens der Zeitraum der Ermittlungen und der Fakt, dass sie nun ohne jede Ergebisse fallen gelassen werden, zeigt doch, dass da geh\u00f6rig was schief l\u00e4uft. Das verlangt doch nach Konsequenzen! > Dieses Vorgehen traumatisiert gerade in Sachen die Menschen gewaltig. Wenn ein staatliches Justizministerium so etwas ungestraft durchziehen kann, verliert man doch echt den Glauben an die Rechtstaatlichkeit. Wenn man diese Angelegenheit nicht gut aufarbeitet, treibt sie wahrscheinlich nur die Prozentzahlen der AfD nach oben. > Danke, dass ihr dar\u00fcber berichtet habt. K\u00f6nnt ihr da weiter dran bleiben &#8211; falls, hoffentlich!, es dazu noch etwas zu berichten gibt? >  > Vielen Dank und liebe Gr\u00fc\u00dfe! > R. <\/p>\n","protected":false},"excerpt":{"rendered":"<p>> > Hallo Herr Base, Hallo Herr Buermeyer, > > im Anhang ein Bild. Ich hab den letzten Podcast in Berlin beim B\u00fcgeln geh\u00f6rt. > > Und der Feature \u00fcber den Abh\u00f6rskandal in Leipzig hat mich zutiefst bewegt. > Mein Vater wurde in den 80er Jahren von der Stasi in Leipzig verfolgt. Er war Student [&hellip;]<\/p>\n","protected":false},"author":1,"featured_media":1929,"comment_status":"open","ping_status":"open","sticky":false,"template":"","format":"image","meta":{"_acf_changed":false,"footnotes":""},"categories":[1],"tags":[],"class_list":["post-1928","post","type-post","status-publish","format-image","has-post-thumbnail","hentry","category-allgemein","post_format-post-format-image"],"acf":[],"jetpack_featured_media_url":"https:\/\/www.kuechenstud.io\/lagebilder\/files\/2017\/05\/IMG_0209.jpg","_links":{"self":[{"href":"https:\/\/www.kuechenstud.io\/lagebilder\/wp-json\/wp\/v2\/posts\/1928","targetHints":{"allow":["GET"]}}],"collection":[{"href":"https:\/\/www.kuechenstud.io\/lagebilder\/wp-json\/wp\/v2\/posts"}],"about":[{"href":"https:\/\/www.kuechenstud.io\/lagebilder\/wp-json\/wp\/v2\/types\/post"}],"author":[{"embeddable":true,"href":"https:\/\/www.kuechenstud.io\/lagebilder\/wp-json\/wp\/v2\/users\/1"}],"replies":[{"embeddable":true,"href":"https:\/\/www.kuechenstud.io\/lagebilder\/wp-json\/wp\/v2\/comments?post=1928"}],"version-history":[{"count":0,"href":"https:\/\/www.kuechenstud.io\/lagebilder\/wp-json\/wp\/v2\/posts\/1928\/revisions"}],"wp:featuredmedia":[{"embeddable":true,"href":"https:\/\/www.kuechenstud.io\/lagebilder\/wp-json\/wp\/v2\/media\/1929"}],"wp:attachment":[{"href":"https:\/\/www.kuechenstud.io\/lagebilder\/wp-json\/wp\/v2\/media?parent=1928"}],"wp:term":[{"taxonomy":"category","embeddable":true,"href":"https:\/\/www.kuechenstud.io\/lagebilder\/wp-json\/wp\/v2\/categories?post=1928"},{"taxonomy":"post_tag","embeddable":true,"href":"https:\/\/www.kuechenstud.io\/lagebilder\/wp-json\/wp\/v2\/tags?post=1928"}],"curies":[{"name":"wp","href":"https:\/\/api.w.org\/{rel}","templated":true}]}}