{"id":1924,"date":"2017-05-11T17:38:28","date_gmt":"2017-05-11T15:38:28","guid":{"rendered":"https:\/\/www.kuechenstud.io\/lagebilder\/?p=1924"},"modified":"2017-05-11T17:42:34","modified_gmt":"2017-05-11T15:42:34","slug":"zwischen-mallorca-hamburg-alpen","status":"publish","type":"post","link":"https:\/\/www.kuechenstud.io\/lagebilder\/2017\/05\/11\/zwischen-mallorca-hamburg-alpen\/","title":{"rendered":"Zwischen Mallorca &amp; Hamburg (Alpen)"},"content":{"rendered":"<p>\n<a href=\"https:\/\/www.kuechenstud.io\/lagebilder\/?attachment_id=1925\"><img decoding=\"async\" src=\"https:\/\/www.kuechenstud.io\/lagebilder\/files\/2017\/05\/IMG_9116-2000x1500.jpg\" alt=\"\" width=\"2000px\" height=\"1500px\" class=\"alignnone size-medium wp-image-1925\" srcset=\"https:\/\/www.kuechenstud.io\/lagebilder\/files\/2017\/05\/IMG_9116-2000x1500.jpg 2000w, https:\/\/www.kuechenstud.io\/lagebilder\/files\/2017\/05\/IMG_9116-667x500.jpg 667w, https:\/\/www.kuechenstud.io\/lagebilder\/files\/2017\/05\/IMG_9116-768x576.jpg 768w, https:\/\/www.kuechenstud.io\/lagebilder\/files\/2017\/05\/IMG_9116-1536x1152.jpg 1536w, https:\/\/www.kuechenstud.io\/lagebilder\/files\/2017\/05\/IMG_9116-128x96.jpg 128w, https:\/\/www.kuechenstud.io\/lagebilder\/files\/2017\/05\/IMG_9116-150x113.jpg 150w, https:\/\/www.kuechenstud.io\/lagebilder\/files\/2017\/05\/IMG_9116.jpg 2016w\" sizes=\"(max-width: 2000px) 100vw, 2000px\" \/><\/a><br \/>\n>  > Gr\u00fc\u00dfe! >  >  >  >  > Von meinem Fliwat\u00fct gesendet. Aus Gr\u00fcnden. <\/p>\n","protected":false},"excerpt":{"rendered":"<p>> > Gr\u00fc\u00dfe! > > > > > Von meinem Fliwat\u00fct gesendet. Aus Gr\u00fcnden.<\/p>\n","protected":false},"author":1,"featured_media":1925,"comment_status":"open","ping_status":"open","sticky":false,"template":"","format":"image","meta":{"_acf_changed":false,"footnotes":""},"categories":[1],"tags":[],"class_list":["post-1924","post","type-post","status-publish","format-image","has-post-thumbnail","hentry","category-allgemein","post_format-post-format-image"],"acf":[],"jetpack_featured_media_url":"https:\/\/www.kuechenstud.io\/lagebilder\/files\/2017\/05\/IMG_9116.jpg","_links":{"self":[{"href":"https:\/\/www.kuechenstud.io\/lagebilder\/wp-json\/wp\/v2\/posts\/1924","targetHints":{"allow":["GET"]}}],"collection":[{"href":"https:\/\/www.kuechenstud.io\/lagebilder\/wp-json\/wp\/v2\/posts"}],"about":[{"href":"https:\/\/www.kuechenstud.io\/lagebilder\/wp-json\/wp\/v2\/types\/post"}],"author":[{"embeddable":true,"href":"https:\/\/www.kuechenstud.io\/lagebilder\/wp-json\/wp\/v2\/users\/1"}],"replies":[{"embeddable":true,"href":"https:\/\/www.kuechenstud.io\/lagebilder\/wp-json\/wp\/v2\/comments?post=1924"}],"version-history":[{"count":0,"href":"https:\/\/www.kuechenstud.io\/lagebilder\/wp-json\/wp\/v2\/posts\/1924\/revisions"}],"wp:featuredmedia":[{"embeddable":true,"href":"https:\/\/www.kuechenstud.io\/lagebilder\/wp-json\/wp\/v2\/media\/1925"}],"wp:attachment":[{"href":"https:\/\/www.kuechenstud.io\/lagebilder\/wp-json\/wp\/v2\/media?parent=1924"}],"wp:term":[{"taxonomy":"category","embeddable":true,"href":"https:\/\/www.kuechenstud.io\/lagebilder\/wp-json\/wp\/v2\/categories?post=1924"},{"taxonomy":"post_tag","embeddable":true,"href":"https:\/\/www.kuechenstud.io\/lagebilder\/wp-json\/wp\/v2\/tags?post=1924"}],"curies":[{"name":"wp","href":"https:\/\/api.w.org\/{rel}","templated":true}]}}