{"id":1859,"date":"2017-04-30T02:35:42","date_gmt":"2017-04-30T00:35:42","guid":{"rendered":"https:\/\/www.kuechenstud.io\/lagebilder\/?p=1859"},"modified":"2017-04-30T02:43:35","modified_gmt":"2017-04-30T00:43:35","slug":"mitten-in-koeln","status":"publish","type":"post","link":"https:\/\/www.kuechenstud.io\/lagebilder\/2017\/04\/30\/mitten-in-koeln\/","title":{"rendered":"Mitten in K\u00f6ln"},"content":{"rendered":"<p>\n<a href=\"https:\/\/www.kuechenstud.io\/lagebilder\/?attachment_id=1860\"><img decoding=\"async\" src=\"https:\/\/www.kuechenstud.io\/lagebilder\/files\/2017\/04\/Image-2000x1500.jpeg\" alt=\"\" width=\"2000px\" height=\"1500px\" class=\"alignnone size-medium wp-image-1860\" srcset=\"https:\/\/www.kuechenstud.io\/lagebilder\/files\/2017\/04\/Image-2000x1500.jpeg 2000w, https:\/\/www.kuechenstud.io\/lagebilder\/files\/2017\/04\/Image-667x500.jpeg 667w, https:\/\/www.kuechenstud.io\/lagebilder\/files\/2017\/04\/Image-768x576.jpeg 768w, https:\/\/www.kuechenstud.io\/lagebilder\/files\/2017\/04\/Image-1536x1152.jpeg 1536w, https:\/\/www.kuechenstud.io\/lagebilder\/files\/2017\/04\/Image-2048x1536.jpeg 2048w, https:\/\/www.kuechenstud.io\/lagebilder\/files\/2017\/04\/Image-128x96.jpeg 128w, https:\/\/www.kuechenstud.io\/lagebilder\/files\/2017\/04\/Image-150x113.jpeg 150w\" sizes=\"(max-width: 2000px) 100vw, 2000px\" \/><\/a><br \/>\n>  > Salut zusammen, > mitten in K\u00f6ln&#8230; >  >  > Viele Gr\u00fc\u00dfe Simon <\/p>\n","protected":false},"excerpt":{"rendered":"<p>> > Salut zusammen, > mitten in K\u00f6ln&#8230; > > > Viele Gr\u00fc\u00dfe Simon<\/p>\n","protected":false},"author":1,"featured_media":1860,"comment_status":"open","ping_status":"open","sticky":false,"template":"","format":"image","meta":{"_acf_changed":false,"footnotes":""},"categories":[1],"tags":[],"class_list":["post-1859","post","type-post","status-publish","format-image","has-post-thumbnail","hentry","category-allgemein","post_format-post-format-image"],"acf":[],"jetpack_featured_media_url":"https:\/\/www.kuechenstud.io\/lagebilder\/files\/2017\/04\/Image-scaled.jpeg","_links":{"self":[{"href":"https:\/\/www.kuechenstud.io\/lagebilder\/wp-json\/wp\/v2\/posts\/1859","targetHints":{"allow":["GET"]}}],"collection":[{"href":"https:\/\/www.kuechenstud.io\/lagebilder\/wp-json\/wp\/v2\/posts"}],"about":[{"href":"https:\/\/www.kuechenstud.io\/lagebilder\/wp-json\/wp\/v2\/types\/post"}],"author":[{"embeddable":true,"href":"https:\/\/www.kuechenstud.io\/lagebilder\/wp-json\/wp\/v2\/users\/1"}],"replies":[{"embeddable":true,"href":"https:\/\/www.kuechenstud.io\/lagebilder\/wp-json\/wp\/v2\/comments?post=1859"}],"version-history":[{"count":0,"href":"https:\/\/www.kuechenstud.io\/lagebilder\/wp-json\/wp\/v2\/posts\/1859\/revisions"}],"wp:featuredmedia":[{"embeddable":true,"href":"https:\/\/www.kuechenstud.io\/lagebilder\/wp-json\/wp\/v2\/media\/1860"}],"wp:attachment":[{"href":"https:\/\/www.kuechenstud.io\/lagebilder\/wp-json\/wp\/v2\/media?parent=1859"}],"wp:term":[{"taxonomy":"category","embeddable":true,"href":"https:\/\/www.kuechenstud.io\/lagebilder\/wp-json\/wp\/v2\/categories?post=1859"},{"taxonomy":"post_tag","embeddable":true,"href":"https:\/\/www.kuechenstud.io\/lagebilder\/wp-json\/wp\/v2\/tags?post=1859"}],"curies":[{"name":"wp","href":"https:\/\/api.w.org\/{rel}","templated":true}]}}